{"id":5800,"date":"2017-08-24T12:41:33","date_gmt":"2017-08-24T12:41:33","guid":{"rendered":"http:\/\/www.presto.ma\/?p=5800\/"},"modified":"2018-07-20T09:10:39","modified_gmt":"2018-07-20T09:10:39","slug":"bim-5d-amb-presto","status":"publish","type":"post","link":"http:\/\/www.presto.ma\/ca\/bim-5d-amb-presto\/","title":{"rendered":"Cost-It: BIM 5D amb Presto"},"content":{"rendered":"<address><h3>\u00bfQue fa exactament Cost-It?<\/h3><\/address>\r\n<address><h5>El complement de Revit per a Presto obt\u00e9 el pressupost del model autom\u00e0ticament i resol totes les tasques necess\u00e0ries per a la gesti\u00f3 integral del cost.<\/h5><\/address>\r\n<p>La interacci\u00f3 entre Presto i Revit i las diferents opcions de Cost-It s\u2019adapten a diferents processos i perfils d\u2019\u00fas, des de la utilitzaci\u00f3 del model com a base \u00fanica de dades fins a la col\u00b7laboraci\u00f3 entre equips independents.<\/p>\r\n<a href=\"http:\/\/www.presto.ma\/wp-content\/uploads\/BIM_5D_amb_Presto-1.png\"><img loading=\"lazy\" decoding=\"async\" src=\"http:\/\/www.presto.ma\/wp-content\/uploads\/BIM_5D_amb_Presto-1-300x169.png\" alt=\"\" width=\"300\" height=\"169\" class=\"alignnone size-medium wp-image-5804\" srcset=\"http:\/\/www.presto.ma\/wp-content\/uploads\/BIM_5D_amb_Presto-1-300x169.png 300w, http:\/\/www.presto.ma\/wp-content\/uploads\/BIM_5D_amb_Presto-1.png 378w\" sizes=\"auto, (max-width: 300px) 100vw, 300px\" \/><\/a>\r\n<br><em><FONT SIZE=2>L\u00ednia d\u2019amidament seleccionada a Presto i localitzada a Revit<\/FONT><\/em>\r\n<p>Les possibilitats principals de Cost-It son:<\/p>\r\n<ul>\r\n\t<li>Generar els amidaments complets del model, de manera estructurada i amb tra\u00e7abilitat<\/li>\r\n\t<li>Convertir els amidaments en el pressupost necessari per a valorar o licitar el projecte<\/li>\r\n\t<li>Obtenir altre informaci\u00f3 relacionada, tal com les superf\u00edcies \u00fatils i constru\u00efdes, els par\u00e0metres rellevants per a determinar el preu o la documentaci\u00f3 gr\u00e0fica de la oferta<\/li>\r\n\t<li>Identificar els elements del model Revit a Presto i viceversa<\/li>\r\n\t<li>Inserir de nou al model informaci\u00f3 que s\u2019ha introdu\u00eft al pressupost<\/li>\r\n\t<li>Visualitzar gr\u00e0ficament la informaci\u00f3 del pressupost, com estats d\u2019aprovaci\u00f3, elements de cada unitat d\u2019obra o cap\u00edtol, fases de planificaci\u00f3, execuci\u00f3 o certificaci\u00f3<\/li>\r\n\t<li>Proporcionar sistemes per a la sincronitzaci\u00f3 dels canvis al model i al pressupost<\/li>\r\n<\/ul>\r\n<p>El resultat del pressupost \u00e9s tamb\u00e9 un bon punt de partida a m\u00e9s per a obtenir una planificaci\u00f3 4D que aprofiti els avantatges dels sistemes digitals.<\/p>\r\n<address><h5>Totes les opcions de Cost-It es poden realitzar utilitzant Revit en modus Viewer, excepte les que introdueixen canvis al model que es desitgin guardar permanentment.<\/h5><\/address>\r\n<h3>Amidaments estructurats<\/h3>\r\n<p>La necessitat d\u2019estructurar la informaci\u00f3 que s\u2019introdueix en un model BIM m\u00e9s que en els sistemes CAD tradicionals s\u2019ha de compensar per la obtenci\u00f3 de m\u00e9s resultats i m\u00e9s autom\u00e0tics.<\/p>\r\n<p>El principi b\u00e0sic per a aprofitar els avantatges d\u2019un pressupost 5D \u00e9s establir una correspond\u00e8ncia natural entre les fam\u00edlies i tipus utilitzats al model i les unitats d\u2019obra del pressupost, criteri recomanat per tots els est\u00e0ndards i manuals de bones pr\u00e0ctiques per a obtenir un model BIM ben realitzat.<\/p>\r\n<p>Cost-It organitza els tipus utilitzats en una Estructura de Desglossament de Treball, EDT, que segueix la mateixa organitzaci\u00f3 de categories i fam\u00edlies de Revit.<\/p>\r\n<a href=\"http:\/\/www.presto.ma\/wp-content\/uploads\/BIM_5D_amb_Presto-2.png\"><img loading=\"lazy\" decoding=\"async\" src=\"http:\/\/www.presto.ma\/wp-content\/uploads\/BIM_5D_amb_Presto-2-300x127.png\" alt=\"\" width=\"300\" height=\"127\" class=\"alignnone size-medium wp-image-5810\" srcset=\"http:\/\/www.presto.ma\/wp-content\/uploads\/BIM_5D_amb_Presto-2-300x127.png 300w, http:\/\/www.presto.ma\/wp-content\/uploads\/BIM_5D_amb_Presto-2.png 486w\" sizes=\"auto, (max-width: 300px) 100vw, 300px\" \/><\/a>  \r\n<br><em><FONT SIZE=2>De categories Revit a cap\u00edtols de Guadalajara<\/em><\/FONT>\r\n<p>Si es prefereix una altre estructura per al pressupost, es pot transformar autom\u00e0ticament amb Presto als est\u00e0ndards habituals, com el banc de preus de Guadalajara, OmniClass o Uniformat, o a una estructura definida per l\u2019usuari mitjan\u00e7ant plantilles.<\/p>\r\n<h3>Unitats d\u2019obra i quantitats<\/h3>\r\n<p>La informaci\u00f3 associada als tipus es fa servir per a construir la unitat d\u2019obra, como el codi, el resum, la descripci\u00f3, la miniatura i el preu unitari, si estan definides en el model.<\/p>\r\n<p>La quantitat es calcula en funci\u00f3 del criteri d\u2019amidament m\u00e9s adequat per a cada categoria. Per exemple, els murs es mesuren per superf\u00edcie vertical en m2, el formig\u00f3 en m3, els elements lineals en metres, els aparells sanitaris en unitats iguals i l\u2019acer pel seu pes en kg.<\/p>\r\n<address><h5>Quan una categoria admet m\u00e9s d\u2019una forma d\u2019amidament, es pot escollir directament en el moment de la exportaci\u00f3.<\/h5><\/address>\r\n<p>A l\u2019utilitzar les dades que figuren en tots els models de Revit, sense necessitat de crear par\u00e0metres d\u2019usuari, s\u2019obtenen els amidaments de qualsevol model instant\u00e0niament, sense realitzar cap tasca pr\u00e8via ni introduir dades complementaries.<\/p>\r\n<p>Si \u00e9s necessari, el criteri d\u2019amidament tamb\u00e9 es pot alterar:<\/p>\r\n<ul>\r\n\t<li>En el propi model, definint una unitat de mesura per a cada tipus distinta de la de defecte, o afegint una expressi\u00f3 espec\u00edfica per al c\u00e0lcul.<\/li>\r\n\t<li>A Presto, modificant la forma de calcular l\u2019amidament, dons es traspassen totes les dades geom\u00e8triques de cada element necessari per a totes les alternatives.<\/li>\r\n<\/ul>\r\n<address><h5>Si el preu unitari est\u00e0 incl\u00f2s en el camp corresponent de Revit, el pressupost s\u2019obt\u00e9 valorat des del primer moment.<\/h5><\/address>\r\n<h3>L\u00ednies d\u2019amidament amb tota la informaci\u00f3 necess\u00e0ria<\/h3>\r\n<p>La identificaci\u00f3 de cada element i la tra\u00e7abilitat entre model, pressupost i realitat de l\u2019obra \u00e9s una avantatja b\u00e0sica dels sistemes BIM.\/<\/p>\r\n<p>A Cost-It, cada element del model genera una o m\u00e9s l\u00ednies d\u2019amidament, que queden completament vinculades al mateix.<\/p>\r\n<a href=\"http:\/\/www.presto.ma\/wp-content\/uploads\/BIM_5D_amb_Presto-3.png\"><img loading=\"lazy\" decoding=\"async\" src=\"http:\/\/www.presto.ma\/wp-content\/uploads\/BIM_5D_amb_Presto-3-300x83.png\" alt=\"\" width=\"300\" height=\"83\" class=\"alignnone size-medium wp-image-5812\" srcset=\"http:\/\/www.presto.ma\/wp-content\/uploads\/BIM_5D_amb_Presto-3-300x83.png 300w, http:\/\/www.presto.ma\/wp-content\/uploads\/BIM_5D_amb_Presto-3.png 381w\" sizes=\"auto, (max-width: 300px) 100vw, 300px\" \/><\/a> \r\n<br><em><FONT SIZE=2>Amidaments estructurats<\/em><\/FONT>\r\n<p>S\u2019exporten a t\u00edtol informatiu les columnes tradicionals de longitud, amplada i al\u00e7ada, encara que no intervinguin en el c\u00e0lcul de la quantitat:<\/p>\r\n<ul>\r\n\t<li>Per a realitzar comprovacions, per exemple, el gruix del mur.<\/li>\r\n\t<li>Per a canviar el criteri d\u2019amidament, modificant els camps que intervenen en el calculo.<\/li>\r\n\t<li>Per a usar com a referencia d\u2019altres unitats d\u2019obra.<\/li>\r\n<\/ul>\r\n<p>Alguns valors s\u2019omplen en totes les l\u00ednies d\u2019amidament:<\/p>\r\n<ul>\r\n\t<li>Dimensions geom\u00e8triques complementaries a les tradicionals, tals com \u00e0rea, per\u00edmetre o volum.<\/li>\r\n\t<li>Planta i nivell<\/li>\r\n\t<li>Orientaci\u00f3 de los murs exteriors<\/li>\r\n\t<li>Coordenades X, Y, Z<\/li>\r\n\t<li>Fam\u00edlia i tipus, n\u00famero d\u2019element i identificaci\u00f3<\/li>\r\n\t<li>Element superior, en els tipus vinculats<\/li>\r\n\t<li>Fitxer<\/li>\r\n\t<li>Data i hora de la sessi\u00f3 de treball<\/li>\r\n<\/ul>\r\n<p>Altres valors es basen en dades que poden existir o no en cada model:<\/p>\r\n<ul>\r\n\t<li>Habitaci\u00f3 i \u00e0rea<\/li>\r\n\t<li>Marca, text o n\u00famero que identifica els diferents elements d\u2019un mateix tipus<\/li>\r\n\t<li>Reixeta horitzontal i vertical m\u00e9s propera a l\u2019element<\/li>\r\n\t<li>Opci\u00f3 i variant<\/li>\r\n\t<li>Workset o sots-projecte<\/li>\r\n<\/ul>\r\n<p>El comentari es forma autom\u00e0ticament amb la planta, el \u00e0rea i la habitaci\u00f3, si no est\u00e0 ple el campo amb aquest nom al model. Un cop a Presto es pot omplir tamb\u00e9 amb una altre combinaci\u00f3 de camps.<\/p>\r\n<p>El resultat \u00e9s una l\u00ednia d\u2019amidament enriquida, que permet definir millor el pressupost i analitzar el contingut del propi model. Per exemple, es poden realitzar simulacions del cost de les variants de disseny, utilitzant les opcions corresponents de Presto.<\/p>\r\n<h3>Tra\u00e7abilitat entre pressupost, model i obra<\/h3>\r\n<p>Al seleccionar a Presto l\u00ednies d\u2019amidament, unitats d\u2019obra, cap\u00edtols o espais es seleccionen autom\u00e0ticament els elements del model de Revit als que corresponen. Tamb\u00e9 es poden localitzar al pressupost les l\u00ednies d\u2019amidament que corresponen a un element.<\/p>\r\n<a href=\"http:\/\/www.presto.ma\/wp-content\/uploads\/BIM_5D_amb_Presto-4.png\"><img loading=\"lazy\" decoding=\"async\" src=\"http:\/\/www.presto.ma\/wp-content\/uploads\/BIM_5D_amb_Presto-4-300x169.png\" alt=\"\" width=\"300\" height=\"169\" class=\"alignnone size-medium wp-image-5814\" srcset=\"http:\/\/www.presto.ma\/wp-content\/uploads\/BIM_5D_amb_Presto-4-300x169.png 300w, http:\/\/www.presto.ma\/wp-content\/uploads\/BIM_5D_amb_Presto-4.png 381w\" sizes=\"auto, (max-width: 300px) 100vw, 300px\" \/><\/a>\r\n<br><em><FONT SIZE=2>Colors per espais<\/em><\/FONT>\r\n<p>Una altre possibilitat \u00e9s assignar el color de visualitzaci\u00f3 dels elements del model en funci\u00f3 de les propietats del pressupost:<\/p>\r\n<ul>\r\n\t<li>Color del cap\u00edtol, unitat d\u2019obra o espai al que pertany<\/li>\r\n\t<li>Estat del pressupost: inicial, aprovat, pendent<\/li>\r\n\t<li>Color de la l\u00ednia d\u2019amidament<\/li>\r\n\t<li>Fase de planificaci\u00f3, certificaci\u00f3 o execuci\u00f3<\/li>\r\n<\/ul>\r\n<p>Les possibilitats de Presto per a assignar colors a l\u00ednies d\u2019amidament, conceptes i dates proporcionen una gran flexibilitat a aquest recurs.<\/p>\r\n<h3>Amidaments d\u2019elements vinculat i forats<\/h3>\r\n<p>La informaci\u00f3 continguda en el model BIM permet obtenir uns resultats molt m\u00e9s potents que amb el treball manual o amb CAD.<\/p>\r\n<a href=\"http:\/\/www.presto.ma\/wp-content\/uploads\/BIM_5D_amb_Presto-5.png\"><img loading=\"lazy\" decoding=\"async\" src=\"http:\/\/www.presto.ma\/wp-content\/uploads\/BIM_5D_amb_Presto-5-300x169.png\" alt=\"\" width=\"300\" height=\"169\" class=\"alignnone size-medium wp-image-5816\" srcset=\"http:\/\/www.presto.ma\/wp-content\/uploads\/BIM_5D_amb_Presto-5-300x169.png 300w, http:\/\/www.presto.ma\/wp-content\/uploads\/BIM_5D_amb_Presto-5.png 381w\" sizes=\"auto, (max-width: 300px) 100vw, 300px\" \/><\/a>\r\n<br><em><FONT SIZE=2>Elements vinculats i forats<\/em><\/FONT>\r\n<p>Los forats apareixen sota cada element de mur, tant els que es descompten com els altres, a t\u00edtol informatiu, i la grand\u00e0ria de descompte es pot variar a posteriori, dins el pressupost.<\/p>\r\n<p>Despr\u00e9s de cada l\u00ednia d\u2019amidament es poden inserir tamb\u00e9 l\u00ednies que representen els elements que estan vinculats a la mateixa al model.<\/p>\r\n<ul>\r\n\t<li>En els murs, a m\u00e9s dels forats, figuren les fusteries que s\u2019hi hagin inserit<\/li>\r\n\t<li>Despr\u00e8s de cada element de mur cortina hi figuren els seus plafons i muntants<\/li>\r\n\t<li>A les escales hi figuren els seus trams, replans, baranes i passamans<\/li>\r\n<\/ul>\r\n<address><h5>Els elements vinculats apareixen sagnats per a poder localitzar-los clarament, en un color espec\u00edfic per a cada categoria, i no intervenen en el cost.<\/h5><\/address>\r\n<p>La visualitzaci\u00f3 d\u2019aquests elements permet comprovar el model, localitzant duplicats i oblits, aix\u00ed com prendre decisions sobre el nivell de detall amb el que es desitgi pressupostar els elements amb elements vinculats.<\/p>\r\n<h3>Topografia <\/h3>\r\n<p>Quan el model inclou una regi\u00f3 anivellada es genera un cap\u00edtol on es detalla el moviment de terres, separant en unitats d\u2019obra diferents el buidat i el reblert.<\/p>\r\n<h3>Acabats<\/h3>\r\n<p>La quantificaci\u00f3 dels acabats es realitza per diversos procediments.<\/p>\r\n<ul>\r\n\t<li>Cost-It genera una unitat d\u2019obra per cada material que s\u2019assigni a les propietats d\u2019acabat de terres, sostres, murs i base de murs de cada habitaci\u00f3 del model, amb les l\u00ednies d\u2019amidament detallades de les superf\u00edcies que els corresponen<\/li>\r\n\t<li>S\u2019obt\u00e9 l\u2019amidament detallat de pintures, una opci\u00f3 de Revist que permet assignar acabats superficials a paraments complets o a superf\u00edcies determinades<\/li>\r\n<\/ul>\r\n<p>Les possibilitats per a mesurar \u00e0rees, zones, materials, peces i capes i la transfer\u00e8ncia d\u2019amidaments permeten altres maneres de quantificar els acabats superficials i lineals.<\/p>\r\n<h3>Amidament d\u2019elements no modelats<\/h3>\r\n<p>Els amidaments d\u2019unitats d\u2019obra que no estan en el model es poden obtenir autom\u00e0ticament per transfer\u00e8ncia a partir d\u2019altres unitats d\u2019obra.<\/p>\r\n<address><h5>La pintura de les portes es calcula a partir de la variable que conte la suma de superf\u00edcies frontals de les portes, multiplicada per dos.<\/h5>\r\n<h5>Per a mesurar el formig\u00f3 de neteja s\u2019utilitza la variable que conte la suma de las superf\u00edcies horitzontals, amb el gruix desitjat.<\/h5><\/address>\r\n<p>Aquesta vinculaci\u00f3 \u00e9s din\u00e0mica, per la qual cosa els amidaments s\u2019actualitzen autom\u00e0ticament despr\u00e9s dels canvis al model.<\/p>\r\n<h3>Materials, peces i capes<\/h3>\r\n<p>Cost-It genera els amidaments associant en general una unitat d\u2019obra a cada tipus. A m\u00e9s, genera un cap\u00edtol especial amb l\u2019amidament de cada un dels materials, mesurat tamb\u00e9 com una unitat d\u2019obra. Aquest cap\u00edtol \u00e9s \u00fatil si es desitja quantificar directament alguns materials, com els vidres de les fusteries o els a\u00efllaments. Altrament es pot eliminar a Presto.<\/p>\r\n<p>Alternativament, es poden desglossar tots els elements del model en els seus materials, cas en que cada tipus genera un sots cap\u00edtol, en el qual es creen les unitats d\u2019obra que corresponen als seus materials.<\/p>\r\n<p>Tamb\u00e9 es pot optar per desglossar en materials nom\u00e9s els murs, terres i cobertes, a fi d\u2019obtenir amidaments separats per capes, m\u00e9s exactes que els amidaments globals del mur.<\/p>\r\n<address><h5>Els amidaments de materials o capes separats per sots cap\u00edtols es poden refondre entre s\u00ed amb la opci\u00f3 de reestructurar cap\u00edtols, que crear\u00e0 tamb\u00e9 els cap\u00edtols necessaris en funci\u00f3 dels codis.<\/h5><\/address>\r\n<p>L\u2019amidament de materials inclou tamb\u00e9 les peces o parts introdu\u00efdes al model.<\/p>\r\n<h3>De l\u2019amidament al pressupost<\/h3>\r\n<p>Si el cost de cada tipus o la descripci\u00f3 estan definits al model s\u2019obtindr\u00e0 el pressupost valorat i amb textos, respectivament. No obstant, en general, \u00e9s m\u00e9s pr\u00e0ctic obtenir aquesta informaci\u00f3 actualitzant el pressupost respecte d\u2019un banc de preus adequat.<\/p>\r\n<a href=\"http:\/\/www.presto.ma\/wp-content\/uploads\/BIM_5D_amb_Presto-6.png\"><img loading=\"lazy\" decoding=\"async\" src=\"http:\/\/www.presto.ma\/wp-content\/uploads\/BIM_5D_amb_Presto-6-300x180.png\" alt=\"\" width=\"300\" height=\"180\" class=\"alignnone size-medium wp-image-5817\" srcset=\"http:\/\/www.presto.ma\/wp-content\/uploads\/BIM_5D_amb_Presto-6-300x180.png 300w, http:\/\/www.presto.ma\/wp-content\/uploads\/BIM_5D_amb_Presto-6.png 381w\" sizes=\"auto, (max-width: 300px) 100vw, 300px\" \/><\/a>\r\n<br><em><FONT SIZE=2>Assignaci\u00f3 d\u2019unitats d\u2019obra al model des d\u2019un cat\u00e0leg<\/em><\/FONT>\r\n<p>El codi d\u2019unitat d\u2019obra que es desitja assignar a cada tipus o material es pot escollir:<\/p>\r\n<ul>\r\n\t<li>Seleccionant el concepte en cat\u00e0legs de codis de muntatge o notes clau generats con Presto a partir del banc de preus<\/li>\r\n\t<li>Obrint el banc de preus des de Revit<\/li>\r\n\t<li>Escrivint el codi en el campo corresponent, o copiant i enganxant des de qualsevol origen<\/li>\r\n<\/ul>\r\n<p>Si els codis de la unitat d\u2019obra s\u2019escullen d\u2019un banc de preus predefinit de l\u2019empresa o espec\u00edfic del projecte, el pressupost s\u2019obtindr\u00e0 codificat correctament i normalitzat des de l\u2019inici.<\/p>\r\n<p>Un cop generat el pressupost, els conceptes s\u2019actualitzen utilitzant el mateix banc com a referencia per a que es transfereixi tota la informaci\u00f3 complementaria, com la descomposici\u00f3 del preu i els fitxers associats, obtenint el pressupost complet.<\/p>\r\n<p>Si al model no s\u2019ha definit un codi d\u2019unitat d\u2019obra, Cost-It exporta un codi provisional que es pot substituir a Presto pel codi definitiu. Aquest codi es pot inserir al model per a agilitzar els seg\u00fcents processos d\u2019exportaci\u00f3.<\/p>\r\n<p>El codi tamb\u00e9 pot provenir de llibreries d\u2019objectes que hagin estat dissenyats pensant ja en la generaci\u00f3 del pressupost.<\/p>\r\n<h3>Filtres i segellat<\/h3>\r\n<p>Es pot generar el pressupost del model complet o d\u2019una selecci\u00f3, escollida amb qualsevol possibilitat de Revit.<\/p>\r\n<p>Cost-It afegeix a Revit filtres basats en propietats espec\u00edfiques del pressupost, com les inicials del codi de muntatge, i aix\u00f2 permet veure els elements que corresponen a una determinada unitat d\u2019obra o a un cap\u00edtol, o els que no tenen el codi associat.<\/p>\r\n<p>El segellat marca els elements exportats en una sessi\u00f3 de treball i permet localitzar posteriorment els elements nous o modificats, proporcionen una forma d\u2019identificar els canvis al model per a exportar-los selectivament, si es desitja.<\/p>\r\n<h3>Par\u00e0metres<\/h3>\r\n<p>Els par\u00e0metres associats a cada tipus i a cada element, amb els seus valors, es converteixen en variables de Presto, incloent els par\u00e0metres d\u2019usuari. Els par\u00e0metres generals del projecte es transfereixen com a dades generals del pressupost.<\/p>\r\n<p>Les variables tenen les propietats generals del par\u00e0metre, com el grup o la unitat de mesura. Se\u2019ls hi poden aplicar totes les possibilitats de visualitzaci\u00f3 i edici\u00f3 de Presto, tals com definir quins par\u00e0metres es desitja imprimir a cada l\u00ednia d\u2019amidament, de manera que es defineixi correctament el projecte.<\/p>\r\n<p>En molts elements d\u2019instal\u00b7lacions els elements d\u2019un tipus requereixen unitats d\u2019obra diferents, per que varia un par\u00e0metre que \u00e9s rellevant per al preu. Per exemple, un mateix tipus de canonades pot tenir elements de diferents di\u00e0metres.<\/p>\r\n<p>Aquesta situaci\u00f3 es pot resoldre:<\/p>\r\n<ul>\r\n\t<li>Abans de la exportaci\u00f3, indicant el par\u00e0metre que influeix a la separaci\u00f3, obtenint-se unitats d\u2019obra diferents per a cada valor diferent del par\u00e0metre.<\/li>\r\n\t<li>A Presto, una opci\u00f3 mostra els par\u00e0metres que tenen diferents valors en alguna unitat d\u2019obra i pot desglossar-les pel par\u00e0metre escollit.<\/li>\r\n<\/ul>\r\n<p>Els valors dels par\u00e0metres que no siguin de nom\u00e9s lectura es poden modificar a Presto i tornar a introduir al model Revit.<\/p>\r\n<h3>Gr\u00e0fics<\/h3>\r\n<p>Cost-It pot incorporar al pressupost el conjunt de pl\u00e0nols i vistes definides al model. Aquesta documentaci\u00f3 pot ser \u00fatil per ajudar a la realitzaci\u00f3 del pressupost de la oferta a tercers, quan no es desitja entregar el model.<\/p>\r\n<a href=\"http:\/\/www.presto.ma\/wp-content\/uploads\/BIM_5D_amb_Presto-7.png\"><img loading=\"lazy\" decoding=\"async\" src=\"http:\/\/www.presto.ma\/wp-content\/uploads\/BIM_5D_amb_Presto-7-300x226.png\" alt=\"\" width=\"300\" height=\"226\" class=\"alignnone size-medium wp-image-5818\" srcset=\"http:\/\/www.presto.ma\/wp-content\/uploads\/BIM_5D_amb_Presto-7-300x226.png 300w, http:\/\/www.presto.ma\/wp-content\/uploads\/BIM_5D_amb_Presto-7.png 381w\" sizes=\"auto, (max-width: 300px) 100vw, 300px\" \/><\/a>\r\n<br><em><FONT SIZE=2>Pressupost d\u2019habitatge unifamiliar amb par\u00e0metres i fitxers associats<\/em><FONT>\r\n<p>Es pot afegir al pressupost el model tridimensional en format DWFx i el model IFC.<\/p>\r\n<address><h5>Alguns visualizadors IFC gratu\u00efts permeten identificar els elements del model utilitzant el mateix codi que proporciona Presto, i viceversa.<\/h5><\/address>\r\n<h3>Superficies \u00fatils i constru\u00efdes<\/h3>\r\n<p>Cost-It exporta les \u00e0rees i las habitacions, que permeten organitzar espacialment el model, incloent a cada una tots els seus par\u00e0metres, com el n\u00famero ocupants i el volum, i assignant la superf\u00edcie com a quantitat. D\u2019aquesta forma s\u2019obtenen ja calculades les superf\u00edcies constru\u00efdes i \u00fatils.<\/p>\r\n<p>Cost-It exporta a cada habitaci\u00f3 com a l\u00ednies d\u2019amidament els elements continguts, els materials assignats com a acabats de terres, murs i sostres i els murs que la delimiten, amb l\u2019\u00e0rea en planta a t\u00edtol informatiu.<\/p>\r\n<address><h5>L\u2019\u00e0rea en planta del forat de les portes es suma a l\u2019\u00e0rea de la habitaci\u00f3, de manera que s\u2019obtinguin superf\u00edcies \u00fatils correctes.<\/h5><\/address>\r\n<p>Com a contrapartida, a cada element s\u2019hi inclou l\u2019\u00e0rea i la habitaci\u00f3 a la que pertany, inclusa la habitaci\u00f3 d\u2019origen i dest\u00ed en elements entre dues habitacions, com les portes.<\/p>\r\n<p>Cost-It pot crear un par\u00e0metre d\u2019usuari per a cada element on hi informa de l\u2019\u00e0rea a la que pertany, una informaci\u00f3 que no s\u2019obt\u00e9 directament amb Revit.<\/p>\r\n<h3>Espai, fases de planificaci\u00f3 i certificaci\u00f3<\/h3>\r\n<p>A l\u2019exportar, la l\u00ednia d\u2019amidament de cada element s\u2019assigna a un espai que es pot agafar de la planta, de l\u2019\u00e0rea, de la habitaci\u00f3, o d\u2019una combinaci\u00f3 dels tres valors.<\/p> \r\n<p>D\u2019aquesta forma es poden aplicar al pressupost obtingut totes les opcions disponibles a Presto per als espais, identificant les unitats d\u2019obra i els elements assignats a cada un, obtenint el seu cost i els recursos necessaris per a executar-lo.<\/p>\r\n<p>La assignaci\u00f3 d\u2019opcions de disseny a espais permet calcular f\u00e0cilment el cost de cada alternativa de disseny.<\/p>\r\n<a href=\"http:\/\/www.presto.ma\/wp-content\/uploads\/BIM_5D_amb_Presto-8.png\"><img loading=\"lazy\" decoding=\"async\" src=\"http:\/\/www.presto.ma\/wp-content\/uploads\/BIM_5D_amb_Presto-8-300x220.png\" alt=\"\" width=\"300\" height=\"220\" class=\"alignnone size-medium wp-image-5819\" srcset=\"http:\/\/www.presto.ma\/wp-content\/uploads\/BIM_5D_amb_Presto-8-300x220.png 300w, http:\/\/www.presto.ma\/wp-content\/uploads\/BIM_5D_amb_Presto-8.png 381w\" sizes=\"auto, (max-width: 300px) 100vw, 300px\" \/><\/a>\r\n<br><em><FONT SIZE=2>La planificaci\u00f3 de Presto visualitzada a Revit<\/em><\/FONT>\r\n<p>La fase assignada al model a cada element es traspassa a Presto com a fase de planificaci\u00f3.<\/p>\r\n<address><h5>Si hi ha elements d\u2019un mateix tipus en fases de demolici\u00f3 i de nova construcci\u00f3, el desglossament per par\u00e0metres genera les dues unitats d\u2019obra diferents que aquesta situaci\u00f3 requereix generalment al pressupost.<\/h5><\/address>\r\n<p>Si es realitza la planificaci\u00f3 o es certifica a Presto, el n\u00famero de fase de cada element es pot inserir al model per a visualitzar la seq\u00fcencia temporal de la planificaci\u00f3.<\/p>\r\n<p>Tamb\u00e9 es poden utilitzar les possibilitats d\u2019acolorir elements de Revit per a visualitzar aquesta informaci\u00f3 sense alterar el model.<\/p>\r\n<h3>Importar des del pressupost a Revit<\/h3>\r\n<p>Moltes de les dades del pressupost es poden inserir al model de Revit, integrant m\u00e9s la informaci\u00f3 i facilitant el treball en el futur.<\/p>\r\n<p>A m\u00e9s dels codis de muntatge, preus unitaris, textos o unitat de mesura, como ja s\u2019ha indicat, es poden modificar els valors dels par\u00e0metres i les fases.<\/p>\r\n<p>L\u2019usuari avan\u00e7at te aix\u00ed acc\u00e9s a operacions molt potents, que poden realitzar canvis massius al model estalviant hores de treball i sense programar macros.<\/p>\r\n<h3>Sincronitzaci\u00f3<\/h3>\r\n<p>Tot proc\u00e9s de treball implica canvis, que poden ser tant al pressupost com al model.\r\nQuan el model canvia despr\u00e9s de generar el pressupost, \u00e9s possible utilitzar diferents sistemes de sincronitzaci\u00f3. Per exemple, es pot substituir el model completo o per cap\u00edtols.<\/p>\r\n<address><h5>Els amidaments del pressupost que provenen del model queden marcats amb l\u2019origen &#8220;Revit&#8221; per a diferenciar-los dels amidaments creades manualment o provinents d\u2019altres or\u00edgens. D\u2019aquesta forma es poden aplicar operacions selectives, com eliminar tot el que prov\u00e9 del model per a actualitzar-lo en bloc.<\/h5><\/address>\r\n<p>Quan \u00e9s impossible identificar o a\u00efllar els canvis, es poden comparar les l\u00ednies d\u2019amidament actuals amb les de versions anteriors, quedant identificats els amidaments dels elements nous, dels elements modificats i dels elements que han desaparegut del model.<\/p>\r\n<a href=\"http:\/\/www.presto.ma\/wp-content\/uploads\/BIM_5D_amb_Presto-9.png\"><img loading=\"lazy\" decoding=\"async\" src=\"http:\/\/www.presto.ma\/wp-content\/uploads\/BIM_5D_amb_Presto-9-300x131.png\" alt=\"\" width=\"300\" height=\"131\" class=\"alignnone size-medium wp-image-5820\" srcset=\"http:\/\/www.presto.ma\/wp-content\/uploads\/BIM_5D_amb_Presto-9-300x131.png 300w, http:\/\/www.presto.ma\/wp-content\/uploads\/BIM_5D_amb_Presto-9.png 381w\" sizes=\"auto, (max-width: 300px) 100vw, 300px\" \/><\/a>\r\n<br><em><FONT SIZE=2>Detecci\u00f3 de canvis entre versions successives del mateix model BIM<\/em><\/FONT>\r\n<p>En els elements nous es pot assignar autom\u00e0ticament la unitat d\u2019obra adequada a partir dels elements del mateix tipus ja existents.<\/p>\r\n<p>Abans de realitzar la integraci\u00f3, l\u2019usuari pot comprovar l\u2019impacte, per que apareixen valorats, i autoritzar els canvis globalment o de forma selectiva.<\/p>\r\n<h3>Planificaci\u00f3 4D <\/h3>\r\n<p>El pressupost obtingut amb Cost-It d\u2019un model BIM \u00e9s un punt de partida excel\u00b7lent per a realitzar la planificaci\u00f3, dons conte gran part de la informaci\u00f3 necess\u00e0ria, com les unitats d\u2019obra, les localitzacions de plantes i zones i, a trav\u00e9s dels bancs de preus, els recursos i les durades.<\/p>\r\n<a href=\"http:\/\/www.presto.ma\/wp-content\/uploads\/BIM_5D_amb_Presto-10.png\"><img loading=\"lazy\" decoding=\"async\" src=\"http:\/\/www.presto.ma\/wp-content\/uploads\/BIM_5D_amb_Presto-10-300x128.png\" alt=\"\" width=\"300\" height=\"128\" class=\"alignnone size-medium wp-image-5821\" srcset=\"http:\/\/www.presto.ma\/wp-content\/uploads\/BIM_5D_amb_Presto-10-300x128.png 300w, http:\/\/www.presto.ma\/wp-content\/uploads\/BIM_5D_amb_Presto-10.png 381w\" sizes=\"auto, (max-width: 300px) 100vw, 300px\" \/><\/a> \r\n<br><em><FONT SIZE=2>Barres separades per espais<\/em><\/FONT>\r\n<p>Les opcions de Plan-It, el sistema de conversi\u00f3 del pressupost a la planificaci\u00f3, utilitza tota la informaci\u00f3 que s\u2019obt\u00e9 al pressupost amb Cost-It a partir d\u2019un model de Revit.<\/p>\r\n<h3>M\u00e9s informaci\u00f3<\/h3>\r\n<p>El manual d\u2019usuari, la versi\u00f3 de demostraci\u00f3, els <em>webinars<\/em> i altres recursos accessibles proporcionen m\u00e9s informaci\u00f3 sobre les possibilitats de Cost-It.<\/p>\r\n<hr \/>\r\n<div class=\"altres\">\r\n<h3>Documentaci\u00f3 en pdf&#8230;<\/h3>\r\n<h5><a class=\"pdf\" title=\"Que fa exactament Cost-It?\" href=\"http:\/\/www.presto.ma\/wp-content\/uploads\/Cost-It-BIM-5D-amb-Presto.pdf\" target=\"_blank\">Cost-It BIM 5D amb Presto<\/a><\/h5>\r\n<h3>Document original&#8230;<\/h3>\r\n<h5><a class=\"pdf\" title=\"\u00bfQu\u00e9 hace exactamente Cost-It?\" href=\"http:\/\/www.presto.ma\/wp-content\/uploads\/Cost-It-BIM-5D-con-Presto.pdf\" target=\"_blank\">Cost-It: BIM 5D con Presto<\/a><\/h5>\r\n<\/div>\r\n<!-- AddThis Advanced Settings generic via filter on the_content --><!-- AddThis Share Buttons generic via filter on the_content -->","protected":false},"excerpt":{"rendered":"<p>\u00bfQue fa exactament Cost-It? El complement de Revit per a Presto obt\u00e9 el pressupost del model autom\u00e0ticament i resol totes les tasques necess\u00e0ries per a la gesti\u00f3 integral del cost. La interacci\u00f3 entre Presto i Revit i las diferents opcions &hellip; <a href=\"http:\/\/www.presto.ma\/ca\/bim-5d-amb-presto\/\">Continue reading <span class=\"meta-nav\">&rarr;<\/span><\/a><!-- AddThis Advanced Settings generic via filter on wp_trim_excerpt --><!-- AddThis Share Buttons generic via filter on wp_trim_excerpt --><\/p>\n","protected":false},"author":2,"featured_media":5814,"comment_status":"closed","ping_status":"open","sticky":false,"template":"","format":"standard","meta":{"_monsterinsights_skip_tracking":false,"_monsterinsights_sitenote_active":false,"_monsterinsights_sitenote_note":"","_monsterinsights_sitenote_category":0,"footnotes":""},"categories":[62,91],"tags":[64,72,66,76,77],"class_list":["post-5800","post","type-post","status-publish","format-standard","has-post-thumbnail","hentry","category-blog-ca","category-cataleg","tag-amidaments-ca","tag-cost-it-ca","tag-pressupostos-ca","tag-presto-ca","tag-revit-ca"],"yoast_head":"<!-- This site is optimized with the Yoast SEO plugin v27.4 - https:\/\/yoast.com\/product\/yoast-seo-wordpress\/ -->\n<title>Cost-It: BIM 5D amb Presto - Presto<\/title>\n<meta name=\"robots\" content=\"index, follow, max-snippet:-1, max-image-preview:large, max-video-preview:-1\" \/>\n<link rel=\"canonical\" href=\"http:\/\/www.presto.ma\/ca\/bim-5d-amb-presto\/\" \/>\n<meta property=\"og:locale\" content=\"ca_ES\" \/>\n<meta property=\"og:type\" content=\"article\" \/>\n<meta property=\"og:title\" content=\"Cost-It: BIM 5D amb Presto - Presto\" \/>\n<meta property=\"og:description\" content=\"\u00bfQue fa exactament Cost-It? El complement de Revit per a Presto obt\u00e9 el pressupost del model autom\u00e0ticament i resol totes les tasques necess\u00e0ries per a la gesti\u00f3 integral del cost. La interacci\u00f3 entre Presto i Revit i las diferents opcions &hellip; Continue reading &rarr;\" \/>\n<meta property=\"og:url\" content=\"http:\/\/www.presto.ma\/ca\/bim-5d-amb-presto\/\" \/>\n<meta property=\"og:site_name\" content=\"Presto\" \/>\n<meta property=\"article:published_time\" content=\"2017-08-24T12:41:33+00:00\" \/>\n<meta property=\"article:modified_time\" content=\"2018-07-20T09:10:39+00:00\" \/>\n<meta property=\"og:image\" content=\"http:\/\/www.presto.ma\/wp-content\/uploads\/BIM_5D_amb_Presto-4.png\" \/>\n\t<meta property=\"og:image:width\" content=\"381\" \/>\n\t<meta property=\"og:image:height\" content=\"215\" \/>\n\t<meta property=\"og:image:type\" content=\"image\/png\" \/>\n<meta name=\"author\" content=\"vicens\" \/>\n<meta name=\"twitter:label1\" content=\"Escrit per\" \/>\n\t<meta name=\"twitter:data1\" content=\"vicens\" \/>\n\t<meta name=\"twitter:label2\" content=\"Temps estimat de lectura\" \/>\n\t<meta name=\"twitter:data2\" content=\"16 minuts\" \/>\n<script type=\"application\/ld+json\" class=\"yoast-schema-graph\">{\"@context\":\"https:\\\/\\\/schema.org\",\"@graph\":[{\"@type\":\"Article\",\"@id\":\"http:\\\/\\\/www.presto.ma\\\/ca\\\/bim-5d-amb-presto\\\/#article\",\"isPartOf\":{\"@id\":\"http:\\\/\\\/www.presto.ma\\\/ca\\\/bim-5d-amb-presto\\\/\"},\"author\":{\"name\":\"vicens\",\"@id\":\"https:\\\/\\\/www.presto.ma\\\/#\\\/schema\\\/person\\\/3c056e80dd8b079365b5ca5523914e68\"},\"headline\":\"Cost-It: BIM 5D amb Presto\",\"datePublished\":\"2017-08-24T12:41:33+00:00\",\"dateModified\":\"2018-07-20T09:10:39+00:00\",\"mainEntityOfPage\":{\"@id\":\"http:\\\/\\\/www.presto.ma\\\/ca\\\/bim-5d-amb-presto\\\/\"},\"wordCount\":3211,\"image\":{\"@id\":\"http:\\\/\\\/www.presto.ma\\\/ca\\\/bim-5d-amb-presto\\\/#primaryimage\"},\"thumbnailUrl\":\"http:\\\/\\\/www.presto.ma\\\/wp-content\\\/uploads\\\/BIM_5D_amb_Presto-4.png\",\"keywords\":[\"Amidaments\",\"Cost-It\",\"Pressupostos\",\"Presto\",\"Revit\"],\"articleSection\":[\"Blog\",\"Cat\u00e0leg\"],\"inLanguage\":\"ca\"},{\"@type\":\"WebPage\",\"@id\":\"http:\\\/\\\/www.presto.ma\\\/ca\\\/bim-5d-amb-presto\\\/\",\"url\":\"http:\\\/\\\/www.presto.ma\\\/ca\\\/bim-5d-amb-presto\\\/\",\"name\":\"Cost-It: BIM 5D amb Presto - Presto\",\"isPartOf\":{\"@id\":\"https:\\\/\\\/www.presto.ma\\\/#website\"},\"primaryImageOfPage\":{\"@id\":\"http:\\\/\\\/www.presto.ma\\\/ca\\\/bim-5d-amb-presto\\\/#primaryimage\"},\"image\":{\"@id\":\"http:\\\/\\\/www.presto.ma\\\/ca\\\/bim-5d-amb-presto\\\/#primaryimage\"},\"thumbnailUrl\":\"http:\\\/\\\/www.presto.ma\\\/wp-content\\\/uploads\\\/BIM_5D_amb_Presto-4.png\",\"datePublished\":\"2017-08-24T12:41:33+00:00\",\"dateModified\":\"2018-07-20T09:10:39+00:00\",\"author\":{\"@id\":\"https:\\\/\\\/www.presto.ma\\\/#\\\/schema\\\/person\\\/3c056e80dd8b079365b5ca5523914e68\"},\"breadcrumb\":{\"@id\":\"http:\\\/\\\/www.presto.ma\\\/ca\\\/bim-5d-amb-presto\\\/#breadcrumb\"},\"inLanguage\":\"ca\",\"potentialAction\":[{\"@type\":\"ReadAction\",\"target\":[\"http:\\\/\\\/www.presto.ma\\\/ca\\\/bim-5d-amb-presto\\\/\"]}]},{\"@type\":\"ImageObject\",\"inLanguage\":\"ca\",\"@id\":\"http:\\\/\\\/www.presto.ma\\\/ca\\\/bim-5d-amb-presto\\\/#primaryimage\",\"url\":\"http:\\\/\\\/www.presto.ma\\\/wp-content\\\/uploads\\\/BIM_5D_amb_Presto-4.png\",\"contentUrl\":\"http:\\\/\\\/www.presto.ma\\\/wp-content\\\/uploads\\\/BIM_5D_amb_Presto-4.png\",\"width\":381,\"height\":215},{\"@type\":\"BreadcrumbList\",\"@id\":\"http:\\\/\\\/www.presto.ma\\\/ca\\\/bim-5d-amb-presto\\\/#breadcrumb\",\"itemListElement\":[{\"@type\":\"ListItem\",\"position\":1,\"name\":\"Portada\",\"item\":\"http:\\\/\\\/www.presto.ma\\\/ca\\\/\"},{\"@type\":\"ListItem\",\"position\":2,\"name\":\"Cost-It: BIM 5D amb Presto\"}]},{\"@type\":\"WebSite\",\"@id\":\"https:\\\/\\\/www.presto.ma\\\/#website\",\"url\":\"https:\\\/\\\/www.presto.ma\\\/\",\"name\":\"Presto\",\"description\":\"Gestion de co\u00fbts pour la construction\",\"potentialAction\":[{\"@type\":\"SearchAction\",\"target\":{\"@type\":\"EntryPoint\",\"urlTemplate\":\"https:\\\/\\\/www.presto.ma\\\/?s={search_term_string}\"},\"query-input\":{\"@type\":\"PropertyValueSpecification\",\"valueRequired\":true,\"valueName\":\"search_term_string\"}}],\"inLanguage\":\"ca\"},{\"@type\":\"Person\",\"@id\":\"https:\\\/\\\/www.presto.ma\\\/#\\\/schema\\\/person\\\/3c056e80dd8b079365b5ca5523914e68\",\"name\":\"vicens\",\"image\":{\"@type\":\"ImageObject\",\"inLanguage\":\"ca\",\"@id\":\"https:\\\/\\\/secure.gravatar.com\\\/avatar\\\/228125356b30d900ee86c163f8f46810d268d1f87f3736999dca28f11fa5ded1?s=96&d=mm&r=g\",\"url\":\"https:\\\/\\\/secure.gravatar.com\\\/avatar\\\/228125356b30d900ee86c163f8f46810d268d1f87f3736999dca28f11fa5ded1?s=96&d=mm&r=g\",\"contentUrl\":\"https:\\\/\\\/secure.gravatar.com\\\/avatar\\\/228125356b30d900ee86c163f8f46810d268d1f87f3736999dca28f11fa5ded1?s=96&d=mm&r=g\",\"caption\":\"vicens\"},\"url\":\"http:\\\/\\\/www.presto.ma\\\/ca\\\/author\\\/vicens\\\/\"}]}<\/script>\n<!-- \/ Yoast SEO plugin. -->","yoast_head_json":{"title":"Cost-It: BIM 5D amb Presto - Presto","robots":{"index":"index","follow":"follow","max-snippet":"max-snippet:-1","max-image-preview":"max-image-preview:large","max-video-preview":"max-video-preview:-1"},"canonical":"http:\/\/www.presto.ma\/ca\/bim-5d-amb-presto\/","og_locale":"ca_ES","og_type":"article","og_title":"Cost-It: BIM 5D amb Presto - Presto","og_description":"\u00bfQue fa exactament Cost-It? El complement de Revit per a Presto obt\u00e9 el pressupost del model autom\u00e0ticament i resol totes les tasques necess\u00e0ries per a la gesti\u00f3 integral del cost. La interacci\u00f3 entre Presto i Revit i las diferents opcions &hellip; Continue reading &rarr;","og_url":"http:\/\/www.presto.ma\/ca\/bim-5d-amb-presto\/","og_site_name":"Presto","article_published_time":"2017-08-24T12:41:33+00:00","article_modified_time":"2018-07-20T09:10:39+00:00","og_image":[{"width":381,"height":215,"url":"http:\/\/www.presto.ma\/wp-content\/uploads\/BIM_5D_amb_Presto-4.png","type":"image\/png"}],"author":"vicens","twitter_misc":{"Escrit per":"vicens","Temps estimat de lectura":"16 minuts"},"schema":{"@context":"https:\/\/schema.org","@graph":[{"@type":"Article","@id":"http:\/\/www.presto.ma\/ca\/bim-5d-amb-presto\/#article","isPartOf":{"@id":"http:\/\/www.presto.ma\/ca\/bim-5d-amb-presto\/"},"author":{"name":"vicens","@id":"https:\/\/www.presto.ma\/#\/schema\/person\/3c056e80dd8b079365b5ca5523914e68"},"headline":"Cost-It: BIM 5D amb Presto","datePublished":"2017-08-24T12:41:33+00:00","dateModified":"2018-07-20T09:10:39+00:00","mainEntityOfPage":{"@id":"http:\/\/www.presto.ma\/ca\/bim-5d-amb-presto\/"},"wordCount":3211,"image":{"@id":"http:\/\/www.presto.ma\/ca\/bim-5d-amb-presto\/#primaryimage"},"thumbnailUrl":"http:\/\/www.presto.ma\/wp-content\/uploads\/BIM_5D_amb_Presto-4.png","keywords":["Amidaments","Cost-It","Pressupostos","Presto","Revit"],"articleSection":["Blog","Cat\u00e0leg"],"inLanguage":"ca"},{"@type":"WebPage","@id":"http:\/\/www.presto.ma\/ca\/bim-5d-amb-presto\/","url":"http:\/\/www.presto.ma\/ca\/bim-5d-amb-presto\/","name":"Cost-It: BIM 5D amb Presto - Presto","isPartOf":{"@id":"https:\/\/www.presto.ma\/#website"},"primaryImageOfPage":{"@id":"http:\/\/www.presto.ma\/ca\/bim-5d-amb-presto\/#primaryimage"},"image":{"@id":"http:\/\/www.presto.ma\/ca\/bim-5d-amb-presto\/#primaryimage"},"thumbnailUrl":"http:\/\/www.presto.ma\/wp-content\/uploads\/BIM_5D_amb_Presto-4.png","datePublished":"2017-08-24T12:41:33+00:00","dateModified":"2018-07-20T09:10:39+00:00","author":{"@id":"https:\/\/www.presto.ma\/#\/schema\/person\/3c056e80dd8b079365b5ca5523914e68"},"breadcrumb":{"@id":"http:\/\/www.presto.ma\/ca\/bim-5d-amb-presto\/#breadcrumb"},"inLanguage":"ca","potentialAction":[{"@type":"ReadAction","target":["http:\/\/www.presto.ma\/ca\/bim-5d-amb-presto\/"]}]},{"@type":"ImageObject","inLanguage":"ca","@id":"http:\/\/www.presto.ma\/ca\/bim-5d-amb-presto\/#primaryimage","url":"http:\/\/www.presto.ma\/wp-content\/uploads\/BIM_5D_amb_Presto-4.png","contentUrl":"http:\/\/www.presto.ma\/wp-content\/uploads\/BIM_5D_amb_Presto-4.png","width":381,"height":215},{"@type":"BreadcrumbList","@id":"http:\/\/www.presto.ma\/ca\/bim-5d-amb-presto\/#breadcrumb","itemListElement":[{"@type":"ListItem","position":1,"name":"Portada","item":"http:\/\/www.presto.ma\/ca\/"},{"@type":"ListItem","position":2,"name":"Cost-It: BIM 5D amb Presto"}]},{"@type":"WebSite","@id":"https:\/\/www.presto.ma\/#website","url":"https:\/\/www.presto.ma\/","name":"Presto","description":"Gestion de co\u00fbts pour la construction","potentialAction":[{"@type":"SearchAction","target":{"@type":"EntryPoint","urlTemplate":"https:\/\/www.presto.ma\/?s={search_term_string}"},"query-input":{"@type":"PropertyValueSpecification","valueRequired":true,"valueName":"search_term_string"}}],"inLanguage":"ca"},{"@type":"Person","@id":"https:\/\/www.presto.ma\/#\/schema\/person\/3c056e80dd8b079365b5ca5523914e68","name":"vicens","image":{"@type":"ImageObject","inLanguage":"ca","@id":"https:\/\/secure.gravatar.com\/avatar\/228125356b30d900ee86c163f8f46810d268d1f87f3736999dca28f11fa5ded1?s=96&d=mm&r=g","url":"https:\/\/secure.gravatar.com\/avatar\/228125356b30d900ee86c163f8f46810d268d1f87f3736999dca28f11fa5ded1?s=96&d=mm&r=g","contentUrl":"https:\/\/secure.gravatar.com\/avatar\/228125356b30d900ee86c163f8f46810d268d1f87f3736999dca28f11fa5ded1?s=96&d=mm&r=g","caption":"vicens"},"url":"http:\/\/www.presto.ma\/ca\/author\/vicens\/"}]}},"_links":{"self":[{"href":"http:\/\/www.presto.ma\/ca\/wp-json\/wp\/v2\/posts\/5800","targetHints":{"allow":["GET"]}}],"collection":[{"href":"http:\/\/www.presto.ma\/ca\/wp-json\/wp\/v2\/posts"}],"about":[{"href":"http:\/\/www.presto.ma\/ca\/wp-json\/wp\/v2\/types\/post"}],"author":[{"embeddable":true,"href":"http:\/\/www.presto.ma\/ca\/wp-json\/wp\/v2\/users\/2"}],"replies":[{"embeddable":true,"href":"http:\/\/www.presto.ma\/ca\/wp-json\/wp\/v2\/comments?post=5800"}],"version-history":[{"count":11,"href":"http:\/\/www.presto.ma\/ca\/wp-json\/wp\/v2\/posts\/5800\/revisions"}],"predecessor-version":[{"id":6076,"href":"http:\/\/www.presto.ma\/ca\/wp-json\/wp\/v2\/posts\/5800\/revisions\/6076"}],"wp:featuredmedia":[{"embeddable":true,"href":"http:\/\/www.presto.ma\/ca\/wp-json\/wp\/v2\/media\/5814"}],"wp:attachment":[{"href":"http:\/\/www.presto.ma\/ca\/wp-json\/wp\/v2\/media?parent=5800"}],"wp:term":[{"taxonomy":"category","embeddable":true,"href":"http:\/\/www.presto.ma\/ca\/wp-json\/wp\/v2\/categories?post=5800"},{"taxonomy":"post_tag","embeddable":true,"href":"http:\/\/www.presto.ma\/ca\/wp-json\/wp\/v2\/tags?post=5800"}],"curies":[{"name":"wp","href":"https:\/\/api.w.org\/{rel}","templated":true}]}}