{"id":6346,"date":"2018-08-01T14:21:56","date_gmt":"2018-08-01T14:21:56","guid":{"rendered":"http:\/\/www.presto.ma\/?p=6346"},"modified":"2018-08-01T14:30:55","modified_gmt":"2018-08-01T14:30:55","slug":"sincronitzacio-de-parametres-de-revit-amb-parametrics","status":"publish","type":"post","link":"http:\/\/www.presto.ma\/ca\/sincronitzacio-de-parametres-de-revit-amb-parametrics\/","title":{"rendered":"Sincronitzaci\u00f3 de par\u00e0metres de Revit amb param\u00e8trics"},"content":{"rendered":"<h5 class=\"subtitle\"><address>Document original de RIB Spain \u201cSincronizaci\u00f3n de par\u00e1metros de Revit con param\u00e9tricos\u201d<br>Traducci\u00f3 d\u2019\u00c0BAC Consultors del Vall\u00e8s\u201d<\/address><\/h5>\r\n<p>L\u2019objectiu \u00e9s crear conceptes param\u00e8trics a Presto, vinculats a fam\u00edlies d\u2019objectes param\u00e8trics de Revit, de forma que es generi autom\u00e0ticament la unitat d\u2019obra espec\u00edfica de cada element en funci\u00f3 dels valors assignats al model.<\/p>\r\n<h2>Generar derivat param\u00e8tric<\/h2>\r\n<p>Aquesta \u00e9s una opci\u00f3 avan\u00e7ada que demostra les possibilitats d\u2019una bona estructura d\u2019informaci\u00f3 per aprofitar  tota la potencia dels mitjans digitals en la generaci\u00f3 d\u2019un pressupost a partir d\u2019un model BIM.<\/p>\r\n<p>L\u2019opci\u00f3 &#8220;EINES: Conceptes param\u00e8trics: Generar derivat param\u00e8tric&#8221; localitza a la mateixa obra o a la refer\u00e8ncia si hi ha un concepte param\u00e8tric amb el mateix codi de la unitat d\u2019obra seleccionada i genera les unitats d\u2019obra derivades, a partir dels valors dels par\u00e0metres de cada element.<\/p>\r\n<p>El seu us demana un bon coneixent dels dos programes i una organitzaci\u00f3 adequada del proc\u00e9s de treball.<\/p>\r\n<h2>Par\u00e0metres de Revit<\/h2>\r\n<p>Els elements de Revit que pertanyen a un mateix tipus poden tenir par\u00e0metres amb valors o dades diferents. Les finestres del mateix tipus poden tenir diferent amplada o al\u00e7ada, les canonades del mateix tipus poden tenir diferent di\u00e0metre i gruix d\u2019a\u00efllament, etc..<\/p>\r\n<p>Aquests par\u00e0metres poden:<\/p>\r\n<ul>\r\n<li>Apar\u00e8ixer a l\u2019inserir elements de fam\u00edlies i tipus convencionals.<\/li>\r\n<li>Ser creats i omplerts manualment a cada model per l\u2019usuari.<\/li>\r\n<li>Ser generats a partir de veritables objectes param\u00e8trics de Revit.<\/li>\r\n<\/ul\r\n<p>Als efectes d\u2019aquesta opci\u00f3 el comportament \u00e9s el mateix.<\/p>\r\n<p>Les opcions existents de Cost-It i Presto poden agrupar aquests elements en unitats d\u2019obra espec\u00edfiques en funci\u00f3 dels valors d\u2019un o m\u00e9s par\u00e0metres, utilitzant el camp &#8220;Discriminador&#8221; a l\u2019exportar o mitjan\u00e7ant la funci\u00f3 &#8220;Desglossar partides per les seves l\u00ednies d\u2019amidament &#8220;.<\/p>\r\n<p>Aquesta nova opci\u00f3 va un pas m\u00e9s enll\u00e0, al permetre que es generin autom\u00e0ticament unitats d\u2019obra completes i espec\u00edfiques definides a partir dels valors particulars d\u2019un o m\u00e9s par\u00e0metres de cada element.<\/p>\r\n<h2>Conceptes param\u00e8trics de Presto<\/h2>\r\n<p>Els conceptes param\u00e8trics es basen en l\u2019est\u00e0ndard FIEBDC, totalment consolidat a Espa\u00f1a, on s\u00f3n utilitzats per nombrosos bancs de preus per a la construcci\u00f3.<\/p>\r\n<p>La seva finalitat \u00e9s definir a partir de normes les propietats d\u2019una fam\u00edlia d\u2019unitats de obra similars, en funci\u00f3 del valor d\u2019un a deu par\u00e0metres. Quan l\u2019usuari selecciona el valor de cada par\u00e0metre, en una llista de fins a 26 possibilitats, es genera el concepte derivat corresponent, amb el resum, text, descomposici\u00f3 i preu.<\/p>\r\n<p>Per exemple, el concepte &#8220;PBPO.2$&#8221;:<\/p>\r\n<p>M3 Hormig\u00f3n $A consistencia $B \r\n\\ RESISTENCIA \\ H-125 \\ H-150 \\ H-175 \\ H-200 \\ \r\n\\ CONSISTENCIA \\ pl\u00e1stica \\ fluida \\ blanda \\ <\/p>\r\n<p>El codi del concepte derivat es forma afegint al codi arrel les lletres que corresponen al valor de cada par\u00e0metre, per exemple, &#8220;PBPO.2ba&#8221; correspon a:<\/p>\r\n<p>&#8220;M3 Hormig\u00f3n H-150 consistencia pl\u00e1stica&#8221;<\/p>\r\n<p>El treball amb conceptes param\u00e8trics es descriu a la nota t\u00e8cnica &#8220;Desarrollo de conceptos param\u00e9tricos&#8221;.<\/p>\r\n<h2>Preparaci\u00f3<\/h2>\r\n<p>Per a utilitzar la sincronitzaci\u00f3 de param\u00e8trics \u00e9s necessari:<\/p>\r\n<ul>\r\n<li>Crear o disposar de conceptes param\u00e8trics de Presto amb par\u00e0metres coincidents exactament amb par\u00e0metres existents als elements del model.<\/li>\r\n<li>Crear o disposar d\u2019elements de Revit que tinguin aquests par\u00e0metres i els seus valors siguin algun dels enumerats a les seves llistes corresponents.<\/li>\r\n<\/ul>\r\n<p>Per exemple, es pot crear una canonada param\u00e8trica &#8220;PVCAB01$&#8221;:<\/p>\r\n\r\n<table width=50%\" border=\"2\">\r\n<tr style=\"color:blue;\">\r\n<td>Par\u00e0metre<\/td><td>Valors<\/td>\r\n<\/tr>\r\n<tr>\r\n<td>Di\u00e0metre<\/td><td>120, 140, 160, 200<\/td>\r\n<\/tr>\r\n<tr>\r\n<td>A\u00efllament<\/td><td>0, 2, 4, 6, 8<\/td> \r\n<\/tr>\r\n<tr>\r\n<td>Uni\u00f3<\/td><td>Pressi\u00f3, Maneguet<\/td>\r\n<\/tr>\r\n<tr>\r\n<td>Pressi\u00f3<\/td><td>A, B, C<\/td>\r\n<\/tr>\r\n<\/table>\r\n<p>Un element viable per a aquests concepte param\u00e8tric ser\u00e0 d\u2019un tipus amb el codi de muntatge &#8220;P120.AB&#8221; i els valors:<\/p>\r\n<table width=50%\" border=\"2\">\r\n<tr style=\"color:blue;\">\r\n<td>Par\u00e0metre<\/td><td>Valors<\/td>\r\n<\/tr>\r\n<tr>\r\n<td>Di\u00e0metre<\/td><td>120<\/td>\r\n<\/tr>\r\n<tr>\r\n<td>A\u00efllament<\/td><td>8<\/td> \r\n<\/tr>\r\n<tr>\r\n<td>Uni\u00f3<\/td><td>Maneguet<\/td>\r\n<\/tr>\r\n<tr>\r\n<td>Pressi\u00f3<\/td><td>C<\/td>\r\n<\/tr>\r\n<\/table>\r\n<p>Que generar\u00e0 el derivat &#8220;PVCAB01aebc&#8221;<\/p>\r\n<a href=\"http:\/\/www.presto.ma\/wp-content\/uploads\/Sincronitzaci\u00f3-de-par\u00e0mtres-de-Revit-amb-Param\u00e9trics_1.bmp\"><img decoding=\"async\" src=\"http:\/\/www.presto.ma\/wp-content\/uploads\/Sincronitzaci\u00f3-de-par\u00e0mtres-de-Revit-amb-Param\u00e9trics_1-300x106.bmp\" alt=\"\" width=\"100%\" height=\"206\" class=\"alignnone size-medium wp-image-6332\" srcset=\"http:\/\/www.presto.ma\/wp-content\/uploads\/Sincronitzaci\u00f3-de-par\u00e0mtres-de-Revit-amb-Param\u00e9trics_1-300x106.bmp 300w, http:\/\/www.presto.ma\/wp-content\/uploads\/Sincronitzaci\u00f3-de-par\u00e0mtres-de-Revit-amb-Param\u00e9trics_1.bmp 567w\" sizes=\"(max-width: 300px) 100vw, 300px\" \/><\/a><br><em><FONT SIZE=2>Exemple d\u2019unitat d\u2019obra amb elements que tenen valors diferents de par\u00e0metres<\/em><\/FONT>\r\n<a href=\"http:\/\/www.presto.ma\/wp-content\/uploads\/Sincronitzaci\u00f3-de-par\u00e0mtres-de-Revit-amb-Param\u00e9trics_2.bmp\"><img decoding=\"async\" src=\"http:\/\/www.presto.ma\/wp-content\/uploads\/Sincronitzaci\u00f3-de-par\u00e0mtres-de-Revit-amb-Param\u00e9trics_2-300x132.bmp\" alt=\"\" width=\"100%\" height=\"250\" class=\"alignnone size-medium wp-image-6335\" srcset=\"http:\/\/www.presto.ma\/wp-content\/uploads\/Sincronitzaci\u00f3-de-par\u00e0mtres-de-Revit-amb-Param\u00e9trics_2-300x132.bmp 300w, http:\/\/www.presto.ma\/wp-content\/uploads\/Sincronitzaci\u00f3-de-par\u00e0mtres-de-Revit-amb-Param\u00e9trics_2.bmp 567w\" sizes=\"(max-width: 300px) 100vw, 300px\" \/><\/a><br><em><FONT SIZE=2>Banc de preus de refer\u00e8ncia amb conceptes param\u00e8trics<\/em><\/FONT>\r\n<a href=\"http:\/\/www.presto.ma\/wp-content\/uploads\/Sincronitzaci\u00f3-de-par\u00e0mtres-de-Revit-amb-Param\u00e9trics_3.bmp\"><img decoding=\"async\" src=\"http:\/\/www.presto.ma\/wp-content\/uploads\/Sincronitzaci\u00f3-de-par\u00e0mtres-de-Revit-amb-Param\u00e9trics_3-300x125.bmp\" alt=\"\" width=\"100%\" height=\"250\" class=\"alignnone size-medium wp-image-6338\" srcset=\"http:\/\/www.presto.ma\/wp-content\/uploads\/Sincronitzaci\u00f3-de-par\u00e0mtres-de-Revit-amb-Param\u00e9trics_3-300x125.bmp 300w, http:\/\/www.presto.ma\/wp-content\/uploads\/Sincronitzaci\u00f3-de-par\u00e0mtres-de-Revit-amb-Param\u00e9trics_3.bmp 567w\" sizes=\"(max-width: 300px) 100vw, 300px\" \/><\/a><br><em><FONT SIZE=2>Resultat obtingut despr\u00e9s d\u2019utilitzar la generaci\u00f3 de derivats param\u00e8trics<\/em><\/FONT>\r\n<p>La realitzaci\u00f3 d\u2019objectes i conceptes param\u00e8trics correspon als usuaris avan\u00e7ats, per exemple, als equips de projectes que volen crear les seves fam\u00edlies i automatitzar el pressupost, i als que desenvolupen cat\u00e0legs de productes i bancs de preus per a la construcci\u00f3, o col\u00b7leccions d\u2019objectes BIM.<\/p>\r\n<h2>Utilitzaci\u00f3<\/h2>\r\n<p>Per a generar els conceptes derivats dels objectes d\u2019un model:<\/p>\r\n<ul>\r\n<li>Exporti el model amb Cost-It, incloent els par\u00e0metres d\u2019elements.<\/li\r\n<li>A Presto, asseguris de que est\u00e0 accessible la referencia amb la definici\u00f3 dels conceptes param\u00e8trics, a l\u2019igual que s\u2019utilitzaria manualment.<\/li>\r\n<li>Seleccioni les unitats d\u2019obra que poden correspondre a conceptes param\u00e8trics.<\/li>\r\n<li>Activi &#8220;EINES: Conceptes param\u00e8trics: Generar derivat param\u00e8tric&#8221;.<\/li>\r\n<\/ul>\r\n<p>Presto localitza si a la mateixa obra o a la refer\u00e8ncia existeix un concepte param\u00e8tric amb el mateix codi de la unitat d\u2019obra seleccionada, exceptuant el car\u00e0cter &#8220;$&#8221;.<\/p>\r\n<ul>\r\n<li>Per a cada l\u00ednia d\u2019amidament de les unitats d\u2019obra seleccionades es comprova que tingui associats els par\u00e0metres del concepte param\u00e8tric. Si no n\u2019hi ha cap a aquest nivell, el busca a la pr\u00f2pia unitat d\u2019obra.<\/li>\r\n<li>Comprova que tots els valors s\u00f3n admissibles per a cada par\u00e0metre, identificant la lletra que l\u2019hi correspon.<\/li>\r\n<li>Amb el codi arrel de la unitat d\u2019obra i les lletres dels par\u00e0metres, forma i genera el derivat corresponent, llevat que ja exist\u00eds.<\/li>\r\n<li>Mou les l\u00ednies d\u2019amidament al concepte derivat, amb els par\u00e0metres de cada element.<\/li>\r\n<\/ul>\r\n<p>Si a l\u2019acabar no queden l\u00ednies d\u2019amidament, elimina la unitat d\u2019obra original.<\/p>\r\n<p>En cas de que el resultat no sigui l\u2019esperat:<\/p>\r\n<ul>\r\n<li>Cre\u00ed una unitat d\u2019obra nova amb el codi de muntatge del tipus. Hauria d\u2019apar\u00e8ixer la caixa de di\u00e0leg de selecci\u00f3 de par\u00e0metres.<\/li>\r\n<li>Comprovi que tots els par\u00e0metres existeixen com a propietats de cada element afectat o, si no, del tipus.<\/li>\r\n<li>Comprovi que cada valor figura a la llista de valors possibles del par\u00e0metre.<\/li>\r\n<\/ul>\r\n<p>Modifiqui el necessari per a que totes aquestes condicions es compleixin.<\/p>\r\n<hr \/>\r\n<div class=\"altres\">\r\n<h3>Documentaci\u00f3 en pdf&#8230;<\/h3>\r\n<h5><a class=\"pdf\" title=\"Sincronitzaci\u00f3 de par\u00e0mtres de Revit amb Param\u00e9trics\" href=\"http:\/\/www.presto.ma\/wp-content\/uploads\/Sincronitzaci\u00f3-de-par\u00e0mtres-de-Revit-amb-Param\u00e9trics.pdf\" target=\"_blank\">Sincronitzaci\u00f3 de par\u00e0mtres de Revit amb Param\u00e9trics<\/a><\/h5>\r\n<h3>Document original&#8230;<\/h3>\r\n<h5><a class=\"pdf\" title=\"Sincronizacion de parametros de Revit con parametricos\" href=\"http:\/\/www.presto.ma\/wp-content\/uploads\/Sincronizacion-de-parametros-de-Revit-con-parametricos.pdf\" target=\"_blank\">Sincronizacion de parametros de Revit con parametricos<\/a><\/h5>\r\n<\/div>\r\n<!-- AddThis Advanced Settings generic via filter on the_content --><!-- AddThis Share Buttons generic via filter on the_content -->","protected":false},"excerpt":{"rendered":"<p>Document original de RIB Spain \u201cSincronizaci\u00f3n de par\u00e1metros de Revit con param\u00e9tricos\u201dTraducci\u00f3 d\u2019\u00c0BAC Consultors del Vall\u00e8s\u201d L\u2019objectiu \u00e9s crear conceptes param\u00e8trics a Presto, vinculats a fam\u00edlies d\u2019objectes param\u00e8trics de Revit, de forma que es generi autom\u00e0ticament la unitat d\u2019obra espec\u00edfica &hellip; <a href=\"http:\/\/www.presto.ma\/ca\/sincronitzacio-de-parametres-de-revit-amb-parametrics\/\">Continue reading <span class=\"meta-nav\">&rarr;<\/span><\/a><!-- AddThis Advanced Settings generic via filter on wp_trim_excerpt --><!-- AddThis Share Buttons generic via filter on wp_trim_excerpt --><\/p>\n","protected":false},"author":2,"featured_media":0,"comment_status":"closed","ping_status":"open","sticky":false,"template":"","format":"standard","meta":{"_monsterinsights_skip_tracking":false,"_monsterinsights_sitenote_active":false,"_monsterinsights_sitenote_note":"","_monsterinsights_sitenote_category":0,"footnotes":""},"categories":[102,62,103,92],"tags":[71,72,87,119,76,77],"class_list":["post-6346","post","type-post","status-publish","format-standard","hentry","category-ajudes-al-pressupost","category-blog-ca","category-cost-it","category-notes-tecniques","tag-bim-ca","tag-cost-it-ca","tag-nota-tecnica","tag-parametrics","tag-presto-ca","tag-revit-ca"],"yoast_head":"<!-- This site is optimized with the Yoast SEO plugin v27.4 - https:\/\/yoast.com\/product\/yoast-seo-wordpress\/ -->\n<title>Sincronitzaci\u00f3 de par\u00e0metres de Revit amb param\u00e8trics - Presto<\/title>\n<meta name=\"robots\" content=\"index, follow, max-snippet:-1, max-image-preview:large, max-video-preview:-1\" \/>\n<link rel=\"canonical\" href=\"http:\/\/www.presto.ma\/ca\/sincronitzacio-de-parametres-de-revit-amb-parametrics\/\" \/>\n<meta property=\"og:locale\" content=\"ca_ES\" \/>\n<meta property=\"og:type\" content=\"article\" \/>\n<meta property=\"og:title\" content=\"Sincronitzaci\u00f3 de par\u00e0metres de Revit amb param\u00e8trics - Presto\" \/>\n<meta property=\"og:description\" content=\"Document original de RIB Spain \u201cSincronizaci\u00f3n de par\u00e1metros de Revit con param\u00e9tricos\u201dTraducci\u00f3 d\u2019\u00c0BAC Consultors del Vall\u00e8s\u201d L\u2019objectiu \u00e9s crear conceptes param\u00e8trics a Presto, vinculats a fam\u00edlies d\u2019objectes param\u00e8trics de Revit, de forma que es generi autom\u00e0ticament la unitat d\u2019obra espec\u00edfica &hellip; Continue reading &rarr;\" \/>\n<meta property=\"og:url\" content=\"http:\/\/www.presto.ma\/ca\/sincronitzacio-de-parametres-de-revit-amb-parametrics\/\" \/>\n<meta property=\"og:site_name\" content=\"Presto\" \/>\n<meta property=\"article:published_time\" content=\"2018-08-01T14:21:56+00:00\" \/>\n<meta property=\"article:modified_time\" content=\"2018-08-01T14:30:55+00:00\" \/>\n<meta name=\"author\" content=\"vicens\" \/>\n<meta name=\"twitter:label1\" content=\"Escrit per\" \/>\n\t<meta name=\"twitter:data1\" content=\"vicens\" \/>\n\t<meta name=\"twitter:label2\" content=\"Temps estimat de lectura\" \/>\n\t<meta name=\"twitter:data2\" content=\"2 minuts\" \/>\n<script type=\"application\/ld+json\" class=\"yoast-schema-graph\">{\"@context\":\"https:\\\/\\\/schema.org\",\"@graph\":[{\"@type\":\"Article\",\"@id\":\"http:\\\/\\\/www.presto.ma\\\/ca\\\/sincronitzacio-de-parametres-de-revit-amb-parametrics\\\/#article\",\"isPartOf\":{\"@id\":\"http:\\\/\\\/www.presto.ma\\\/ca\\\/sincronitzacio-de-parametres-de-revit-amb-parametrics\\\/\"},\"author\":{\"name\":\"vicens\",\"@id\":\"https:\\\/\\\/www.presto.ma\\\/#\\\/schema\\\/person\\\/3c056e80dd8b079365b5ca5523914e68\"},\"headline\":\"Sincronitzaci\u00f3 de par\u00e0metres de Revit amb param\u00e8trics\",\"datePublished\":\"2018-08-01T14:21:56+00:00\",\"dateModified\":\"2018-08-01T14:30:55+00:00\",\"mainEntityOfPage\":{\"@id\":\"http:\\\/\\\/www.presto.ma\\\/ca\\\/sincronitzacio-de-parametres-de-revit-amb-parametrics\\\/\"},\"wordCount\":403,\"keywords\":[\"BIM\",\"Cost-It\",\"Nota t\u00e8cnica\",\"Param\u00e8trics\",\"Presto\",\"Revit\"],\"articleSection\":[\"Ajudes al pressupost\",\"Blog\",\"Cost-It\",\"Notes t\u00e8cniques\"],\"inLanguage\":\"ca\"},{\"@type\":\"WebPage\",\"@id\":\"http:\\\/\\\/www.presto.ma\\\/ca\\\/sincronitzacio-de-parametres-de-revit-amb-parametrics\\\/\",\"url\":\"http:\\\/\\\/www.presto.ma\\\/ca\\\/sincronitzacio-de-parametres-de-revit-amb-parametrics\\\/\",\"name\":\"Sincronitzaci\u00f3 de par\u00e0metres de Revit amb param\u00e8trics - Presto\",\"isPartOf\":{\"@id\":\"https:\\\/\\\/www.presto.ma\\\/#website\"},\"datePublished\":\"2018-08-01T14:21:56+00:00\",\"dateModified\":\"2018-08-01T14:30:55+00:00\",\"author\":{\"@id\":\"https:\\\/\\\/www.presto.ma\\\/#\\\/schema\\\/person\\\/3c056e80dd8b079365b5ca5523914e68\"},\"breadcrumb\":{\"@id\":\"http:\\\/\\\/www.presto.ma\\\/ca\\\/sincronitzacio-de-parametres-de-revit-amb-parametrics\\\/#breadcrumb\"},\"inLanguage\":\"ca\",\"potentialAction\":[{\"@type\":\"ReadAction\",\"target\":[\"http:\\\/\\\/www.presto.ma\\\/ca\\\/sincronitzacio-de-parametres-de-revit-amb-parametrics\\\/\"]}]},{\"@type\":\"BreadcrumbList\",\"@id\":\"http:\\\/\\\/www.presto.ma\\\/ca\\\/sincronitzacio-de-parametres-de-revit-amb-parametrics\\\/#breadcrumb\",\"itemListElement\":[{\"@type\":\"ListItem\",\"position\":1,\"name\":\"Portada\",\"item\":\"http:\\\/\\\/www.presto.ma\\\/ca\\\/\"},{\"@type\":\"ListItem\",\"position\":2,\"name\":\"Sincronitzaci\u00f3 de par\u00e0metres de Revit amb param\u00e8trics\"}]},{\"@type\":\"WebSite\",\"@id\":\"https:\\\/\\\/www.presto.ma\\\/#website\",\"url\":\"https:\\\/\\\/www.presto.ma\\\/\",\"name\":\"Presto\",\"description\":\"Gestion de co\u00fbts pour la construction\",\"potentialAction\":[{\"@type\":\"SearchAction\",\"target\":{\"@type\":\"EntryPoint\",\"urlTemplate\":\"https:\\\/\\\/www.presto.ma\\\/?s={search_term_string}\"},\"query-input\":{\"@type\":\"PropertyValueSpecification\",\"valueRequired\":true,\"valueName\":\"search_term_string\"}}],\"inLanguage\":\"ca\"},{\"@type\":\"Person\",\"@id\":\"https:\\\/\\\/www.presto.ma\\\/#\\\/schema\\\/person\\\/3c056e80dd8b079365b5ca5523914e68\",\"name\":\"vicens\",\"image\":{\"@type\":\"ImageObject\",\"inLanguage\":\"ca\",\"@id\":\"https:\\\/\\\/secure.gravatar.com\\\/avatar\\\/228125356b30d900ee86c163f8f46810d268d1f87f3736999dca28f11fa5ded1?s=96&d=mm&r=g\",\"url\":\"https:\\\/\\\/secure.gravatar.com\\\/avatar\\\/228125356b30d900ee86c163f8f46810d268d1f87f3736999dca28f11fa5ded1?s=96&d=mm&r=g\",\"contentUrl\":\"https:\\\/\\\/secure.gravatar.com\\\/avatar\\\/228125356b30d900ee86c163f8f46810d268d1f87f3736999dca28f11fa5ded1?s=96&d=mm&r=g\",\"caption\":\"vicens\"},\"url\":\"http:\\\/\\\/www.presto.ma\\\/ca\\\/author\\\/vicens\\\/\"}]}<\/script>\n<!-- \/ Yoast SEO plugin. -->","yoast_head_json":{"title":"Sincronitzaci\u00f3 de par\u00e0metres de Revit amb param\u00e8trics - Presto","robots":{"index":"index","follow":"follow","max-snippet":"max-snippet:-1","max-image-preview":"max-image-preview:large","max-video-preview":"max-video-preview:-1"},"canonical":"http:\/\/www.presto.ma\/ca\/sincronitzacio-de-parametres-de-revit-amb-parametrics\/","og_locale":"ca_ES","og_type":"article","og_title":"Sincronitzaci\u00f3 de par\u00e0metres de Revit amb param\u00e8trics - Presto","og_description":"Document original de RIB Spain \u201cSincronizaci\u00f3n de par\u00e1metros de Revit con param\u00e9tricos\u201dTraducci\u00f3 d\u2019\u00c0BAC Consultors del Vall\u00e8s\u201d L\u2019objectiu \u00e9s crear conceptes param\u00e8trics a Presto, vinculats a fam\u00edlies d\u2019objectes param\u00e8trics de Revit, de forma que es generi autom\u00e0ticament la unitat d\u2019obra espec\u00edfica &hellip; Continue reading &rarr;","og_url":"http:\/\/www.presto.ma\/ca\/sincronitzacio-de-parametres-de-revit-amb-parametrics\/","og_site_name":"Presto","article_published_time":"2018-08-01T14:21:56+00:00","article_modified_time":"2018-08-01T14:30:55+00:00","author":"vicens","twitter_misc":{"Escrit per":"vicens","Temps estimat de lectura":"2 minuts"},"schema":{"@context":"https:\/\/schema.org","@graph":[{"@type":"Article","@id":"http:\/\/www.presto.ma\/ca\/sincronitzacio-de-parametres-de-revit-amb-parametrics\/#article","isPartOf":{"@id":"http:\/\/www.presto.ma\/ca\/sincronitzacio-de-parametres-de-revit-amb-parametrics\/"},"author":{"name":"vicens","@id":"https:\/\/www.presto.ma\/#\/schema\/person\/3c056e80dd8b079365b5ca5523914e68"},"headline":"Sincronitzaci\u00f3 de par\u00e0metres de Revit amb param\u00e8trics","datePublished":"2018-08-01T14:21:56+00:00","dateModified":"2018-08-01T14:30:55+00:00","mainEntityOfPage":{"@id":"http:\/\/www.presto.ma\/ca\/sincronitzacio-de-parametres-de-revit-amb-parametrics\/"},"wordCount":403,"keywords":["BIM","Cost-It","Nota t\u00e8cnica","Param\u00e8trics","Presto","Revit"],"articleSection":["Ajudes al pressupost","Blog","Cost-It","Notes t\u00e8cniques"],"inLanguage":"ca"},{"@type":"WebPage","@id":"http:\/\/www.presto.ma\/ca\/sincronitzacio-de-parametres-de-revit-amb-parametrics\/","url":"http:\/\/www.presto.ma\/ca\/sincronitzacio-de-parametres-de-revit-amb-parametrics\/","name":"Sincronitzaci\u00f3 de par\u00e0metres de Revit amb param\u00e8trics - Presto","isPartOf":{"@id":"https:\/\/www.presto.ma\/#website"},"datePublished":"2018-08-01T14:21:56+00:00","dateModified":"2018-08-01T14:30:55+00:00","author":{"@id":"https:\/\/www.presto.ma\/#\/schema\/person\/3c056e80dd8b079365b5ca5523914e68"},"breadcrumb":{"@id":"http:\/\/www.presto.ma\/ca\/sincronitzacio-de-parametres-de-revit-amb-parametrics\/#breadcrumb"},"inLanguage":"ca","potentialAction":[{"@type":"ReadAction","target":["http:\/\/www.presto.ma\/ca\/sincronitzacio-de-parametres-de-revit-amb-parametrics\/"]}]},{"@type":"BreadcrumbList","@id":"http:\/\/www.presto.ma\/ca\/sincronitzacio-de-parametres-de-revit-amb-parametrics\/#breadcrumb","itemListElement":[{"@type":"ListItem","position":1,"name":"Portada","item":"http:\/\/www.presto.ma\/ca\/"},{"@type":"ListItem","position":2,"name":"Sincronitzaci\u00f3 de par\u00e0metres de Revit amb param\u00e8trics"}]},{"@type":"WebSite","@id":"https:\/\/www.presto.ma\/#website","url":"https:\/\/www.presto.ma\/","name":"Presto","description":"Gestion de co\u00fbts pour la construction","potentialAction":[{"@type":"SearchAction","target":{"@type":"EntryPoint","urlTemplate":"https:\/\/www.presto.ma\/?s={search_term_string}"},"query-input":{"@type":"PropertyValueSpecification","valueRequired":true,"valueName":"search_term_string"}}],"inLanguage":"ca"},{"@type":"Person","@id":"https:\/\/www.presto.ma\/#\/schema\/person\/3c056e80dd8b079365b5ca5523914e68","name":"vicens","image":{"@type":"ImageObject","inLanguage":"ca","@id":"https:\/\/secure.gravatar.com\/avatar\/228125356b30d900ee86c163f8f46810d268d1f87f3736999dca28f11fa5ded1?s=96&d=mm&r=g","url":"https:\/\/secure.gravatar.com\/avatar\/228125356b30d900ee86c163f8f46810d268d1f87f3736999dca28f11fa5ded1?s=96&d=mm&r=g","contentUrl":"https:\/\/secure.gravatar.com\/avatar\/228125356b30d900ee86c163f8f46810d268d1f87f3736999dca28f11fa5ded1?s=96&d=mm&r=g","caption":"vicens"},"url":"http:\/\/www.presto.ma\/ca\/author\/vicens\/"}]}},"_links":{"self":[{"href":"http:\/\/www.presto.ma\/ca\/wp-json\/wp\/v2\/posts\/6346","targetHints":{"allow":["GET"]}}],"collection":[{"href":"http:\/\/www.presto.ma\/ca\/wp-json\/wp\/v2\/posts"}],"about":[{"href":"http:\/\/www.presto.ma\/ca\/wp-json\/wp\/v2\/types\/post"}],"author":[{"embeddable":true,"href":"http:\/\/www.presto.ma\/ca\/wp-json\/wp\/v2\/users\/2"}],"replies":[{"embeddable":true,"href":"http:\/\/www.presto.ma\/ca\/wp-json\/wp\/v2\/comments?post=6346"}],"version-history":[{"count":8,"href":"http:\/\/www.presto.ma\/ca\/wp-json\/wp\/v2\/posts\/6346\/revisions"}],"predecessor-version":[{"id":6354,"href":"http:\/\/www.presto.ma\/ca\/wp-json\/wp\/v2\/posts\/6346\/revisions\/6354"}],"wp:attachment":[{"href":"http:\/\/www.presto.ma\/ca\/wp-json\/wp\/v2\/media?parent=6346"}],"wp:term":[{"taxonomy":"category","embeddable":true,"href":"http:\/\/www.presto.ma\/ca\/wp-json\/wp\/v2\/categories?post=6346"},{"taxonomy":"post_tag","embeddable":true,"href":"http:\/\/www.presto.ma\/ca\/wp-json\/wp\/v2\/tags?post=6346"}],"curies":[{"name":"wp","href":"https:\/\/api.w.org\/{rel}","templated":true}]}}